{"id":1237,"date":"2025-12-01T19:05:12","date_gmt":"2025-12-01T19:05:12","guid":{"rendered":"https:\/\/www.montscharvin-courchevel.com\/?p=1237"},"modified":"2025-12-10T04:54:59","modified_gmt":"2025-12-10T04:54:59","slug":"notre-restaurant-chez-maurice-est-ouvert","status":"publish","type":"post","link":"https:\/\/www.montscharvin-courchevel.com\/en\/2025\/12\/01\/notre-restaurant-chez-maurice-est-ouvert\/","title":{"rendered":"Our restaurant, \u201cChez Maurice\u201d, is open"},"content":{"rendered":"<p>Reserved exclusively for hotel guests, our new restaurant \u201cChez Maurice\u201d, located on the first floor of the hotel, opens on Tuesday, 2 December.<\/p>\n\n\n\n<p>The menu features simple, homemade dishes, perfect for a cosy moment after a great day on the slopes.<\/p>\n\n\n\n<p>Reservations can be made at the reception or directly here.<\/p>\n\n\n\n<figure class=\"wp-block-image size-full\"><img fetchpriority=\"high\" decoding=\"async\" width=\"2560\" height=\"1707\" src=\"https:\/\/www.montscharvin-courchevel.com\/wp-content\/uploads\/2025\/12\/Hotel_Geraldine_PhotoShoot_133-scaled.jpg\" alt=\"\" class=\"wp-image-1238\" srcset=\"https:\/\/www.montscharvin-courchevel.com\/wp-content\/uploads\/2025\/12\/Hotel_Geraldine_PhotoShoot_133-scaled.jpg 2560w, https:\/\/www.montscharvin-courchevel.com\/wp-content\/uploads\/2025\/12\/Hotel_Geraldine_PhotoShoot_133-300x200.jpg 300w, https:\/\/www.montscharvin-courchevel.com\/wp-content\/uploads\/2025\/12\/Hotel_Geraldine_PhotoShoot_133-1024x683.jpg 1024w, https:\/\/www.montscharvin-courchevel.com\/wp-content\/uploads\/2025\/12\/Hotel_Geraldine_PhotoShoot_133-768x512.jpg 768w, https:\/\/www.montscharvin-courchevel.com\/wp-content\/uploads\/2025\/12\/Hotel_Geraldine_PhotoShoot_133-1536x1024.jpg 1536w, https:\/\/www.montscharvin-courchevel.com\/wp-content\/uploads\/2025\/12\/Hotel_Geraldine_PhotoShoot_133-2048x1366.jpg 2048w, https:\/\/www.montscharvin-courchevel.com\/wp-content\/uploads\/2025\/12\/Hotel_Geraldine_PhotoShoot_133-18x12.jpg 18w\" sizes=\"(max-width: 2560px) 100vw, 2560px\" \/><\/figure>\n\n\n\n<div class=\"wp-block-buttons is-content-justification-center is-layout-flex wp-container-core-buttons-is-layout-7a34c4e9 wp-block-buttons-is-layout-flex\" style=\"margin-top:88;margin-bottom:88\">\n<div class=\"wp-block-button is-style-outline is-style-outline--1\"><a class=\"wp-block-button__link has-black-color has-text-color has-link-color has-small-font-size has-custom-font-size wp-element-button\" href=\"https:\/\/www.montscharvin-courchevel.com\/en\/reservation-restaurant\/\"><strong>BOOKING<\/strong><\/a><\/div>\n<\/div>","protected":false},"excerpt":{"rendered":"<p>R\u00e9serv\u00e9 aux clients de l&rsquo;h\u00f4tel, notre nouveau restaurant \u00ab\u00a0Chez Maurice\u00a0\u00bb, au 1er \u00e9tage de l&rsquo;h\u00f4tel, ouvre ses portes le mardi 2 d\u00e9cembre. Au menu, des produits simples cuisin\u00e9s maison, pour un moment cozy apr\u00e8s une belle journ\u00e9e de ski. R\u00e9servation aupr\u00e8s de la r\u00e9ception ou directement ici<\/p>","protected":false},"author":2,"featured_media":1238,"comment_status":"closed","ping_status":"closed","sticky":false,"template":"","format":"standard","meta":{"footnotes":""},"categories":[1],"tags":[],"class_list":["post-1237","post","type-post","status-publish","format-standard","has-post-thumbnail","hentry","category-uncategorized"],"yoast_head":"<!-- This site is optimized with the Yoast SEO plugin v27.2 - https:\/\/yoast.com\/product\/yoast-seo-wordpress\/ -->\n<title>Notre restaurant &quot;Chez Maurice&quot; est ouvert - H\u00f4tel Monts Charvin Courchevel<\/title>\n<meta name=\"robots\" content=\"index, follow, max-snippet:-1, max-image-preview:large, max-video-preview:-1\" \/>\n<link rel=\"canonical\" href=\"https:\/\/www.montscharvin-courchevel.com\/en\/2025\/12\/01\/notre-restaurant-chez-maurice-est-ouvert\/\" \/>\n<meta property=\"og:locale\" content=\"en_GB\" \/>\n<meta property=\"og:type\" content=\"article\" \/>\n<meta property=\"og:title\" content=\"Notre restaurant &quot;Chez Maurice&quot; est ouvert - H\u00f4tel Monts Charvin Courchevel\" \/>\n<meta property=\"og:description\" content=\"R\u00e9serv\u00e9 aux clients de l&rsquo;h\u00f4tel, notre nouveau restaurant \u00ab\u00a0Chez Maurice\u00a0\u00bb, au 1er \u00e9tage de l&rsquo;h\u00f4tel, ouvre ses portes le mardi 2 d\u00e9cembre. Au menu, des produits simples cuisin\u00e9s maison, pour un moment cozy apr\u00e8s une belle journ\u00e9e de ski. R\u00e9servation aupr\u00e8s de la r\u00e9ception ou directement ici\" \/>\n<meta property=\"og:url\" content=\"https:\/\/www.montscharvin-courchevel.com\/en\/2025\/12\/01\/notre-restaurant-chez-maurice-est-ouvert\/\" \/>\n<meta property=\"og:site_name\" content=\"H\u00f4tel Monts Charvin Courchevel\" \/>\n<meta property=\"article:published_time\" content=\"2025-12-01T19:05:12+00:00\" \/>\n<meta property=\"article:modified_time\" content=\"2025-12-10T04:54:59+00:00\" \/>\n<meta property=\"og:image\" content=\"https:\/\/www.montscharvin-courchevel.com\/wp-content\/uploads\/2025\/12\/Hotel_Geraldine_PhotoShoot_133-scaled.jpg\" \/>\n\t<meta property=\"og:image:width\" content=\"2560\" \/>\n\t<meta property=\"og:image:height\" content=\"1707\" \/>\n\t<meta property=\"og:image:type\" content=\"image\/jpeg\" \/>\n<meta name=\"author\" content=\"Johanne Bastien\" \/>\n<meta name=\"twitter:card\" content=\"summary_large_image\" \/>\n<meta name=\"twitter:label1\" content=\"Written by\" \/>\n\t<meta name=\"twitter:data1\" content=\"Johanne Bastien\" \/>\n\t<meta name=\"twitter:label2\" content=\"Estimated reading time\" \/>\n\t<meta name=\"twitter:data2\" content=\"1 minute\" \/>\n<script type=\"application\/ld+json\" class=\"yoast-schema-graph\">{\"@context\":\"https:\/\/schema.org\",\"@graph\":[{\"@type\":\"Article\",\"@id\":\"https:\/\/www.montscharvin-courchevel.com\/2025\/12\/01\/notre-restaurant-chez-maurice-est-ouvert\/#article\",\"isPartOf\":{\"@id\":\"https:\/\/www.montscharvin-courchevel.com\/2025\/12\/01\/notre-restaurant-chez-maurice-est-ouvert\/\"},\"author\":{\"name\":\"Johanne Bastien\",\"@id\":\"https:\/\/www.montscharvin-courchevel.com\/#\/schema\/person\/a3fdc496dfc98156f5aed3cedf715cb5\"},\"headline\":\"Notre restaurant \u00ab\u00a0Chez Maurice\u00a0\u00bb est ouvert\",\"datePublished\":\"2025-12-01T19:05:12+00:00\",\"dateModified\":\"2025-12-10T04:54:59+00:00\",\"mainEntityOfPage\":{\"@id\":\"https:\/\/www.montscharvin-courchevel.com\/2025\/12\/01\/notre-restaurant-chez-maurice-est-ouvert\/\"},\"wordCount\":66,\"publisher\":{\"@id\":\"https:\/\/www.montscharvin-courchevel.com\/#organization\"},\"image\":{\"@id\":\"https:\/\/www.montscharvin-courchevel.com\/2025\/12\/01\/notre-restaurant-chez-maurice-est-ouvert\/#primaryimage\"},\"thumbnailUrl\":\"https:\/\/www.montscharvin-courchevel.com\/wp-content\/uploads\/2025\/12\/Hotel_Geraldine_PhotoShoot_133-scaled.jpg\",\"articleSection\":[\"Uncategorized\"],\"inLanguage\":\"en-GB\"},{\"@type\":\"WebPage\",\"@id\":\"https:\/\/www.montscharvin-courchevel.com\/2025\/12\/01\/notre-restaurant-chez-maurice-est-ouvert\/\",\"url\":\"https:\/\/www.montscharvin-courchevel.com\/2025\/12\/01\/notre-restaurant-chez-maurice-est-ouvert\/\",\"name\":\"Notre restaurant \\\"Chez Maurice\\\" est ouvert - H\u00f4tel Monts Charvin Courchevel\",\"isPartOf\":{\"@id\":\"https:\/\/www.montscharvin-courchevel.com\/#website\"},\"primaryImageOfPage\":{\"@id\":\"https:\/\/www.montscharvin-courchevel.com\/2025\/12\/01\/notre-restaurant-chez-maurice-est-ouvert\/#primaryimage\"},\"image\":{\"@id\":\"https:\/\/www.montscharvin-courchevel.com\/2025\/12\/01\/notre-restaurant-chez-maurice-est-ouvert\/#primaryimage\"},\"thumbnailUrl\":\"https:\/\/www.montscharvin-courchevel.com\/wp-content\/uploads\/2025\/12\/Hotel_Geraldine_PhotoShoot_133-scaled.jpg\",\"datePublished\":\"2025-12-01T19:05:12+00:00\",\"dateModified\":\"2025-12-10T04:54:59+00:00\",\"breadcrumb\":{\"@id\":\"https:\/\/www.montscharvin-courchevel.com\/2025\/12\/01\/notre-restaurant-chez-maurice-est-ouvert\/#breadcrumb\"},\"inLanguage\":\"en-GB\",\"potentialAction\":[{\"@type\":\"ReadAction\",\"target\":[\"https:\/\/www.montscharvin-courchevel.com\/2025\/12\/01\/notre-restaurant-chez-maurice-est-ouvert\/\"]}]},{\"@type\":\"ImageObject\",\"inLanguage\":\"en-GB\",\"@id\":\"https:\/\/www.montscharvin-courchevel.com\/2025\/12\/01\/notre-restaurant-chez-maurice-est-ouvert\/#primaryimage\",\"url\":\"https:\/\/www.montscharvin-courchevel.com\/wp-content\/uploads\/2025\/12\/Hotel_Geraldine_PhotoShoot_133-scaled.jpg\",\"contentUrl\":\"https:\/\/www.montscharvin-courchevel.com\/wp-content\/uploads\/2025\/12\/Hotel_Geraldine_PhotoShoot_133-scaled.jpg\",\"width\":2560,\"height\":1707},{\"@type\":\"BreadcrumbList\",\"@id\":\"https:\/\/www.montscharvin-courchevel.com\/2025\/12\/01\/notre-restaurant-chez-maurice-est-ouvert\/#breadcrumb\",\"itemListElement\":[{\"@type\":\"ListItem\",\"position\":1,\"name\":\"Accueil\",\"item\":\"https:\/\/www.montscharvin-courchevel.com\/\"},{\"@type\":\"ListItem\",\"position\":2,\"name\":\"Notre restaurant \u00ab\u00a0Chez Maurice\u00a0\u00bb est ouvert\"}]},{\"@type\":\"WebSite\",\"@id\":\"https:\/\/www.montscharvin-courchevel.com\/#website\",\"url\":\"https:\/\/www.montscharvin-courchevel.com\/\",\"name\":\"H\u00f4tel Monts Charvin Courchevel\",\"description\":\"H\u00f4tel Monts Charvin Courchevel\",\"publisher\":{\"@id\":\"https:\/\/www.montscharvin-courchevel.com\/#organization\"},\"potentialAction\":[{\"@type\":\"SearchAction\",\"target\":{\"@type\":\"EntryPoint\",\"urlTemplate\":\"https:\/\/www.montscharvin-courchevel.com\/?s={search_term_string}\"},\"query-input\":{\"@type\":\"PropertyValueSpecification\",\"valueRequired\":true,\"valueName\":\"search_term_string\"}}],\"inLanguage\":\"en-GB\"},{\"@type\":\"Organization\",\"@id\":\"https:\/\/www.montscharvin-courchevel.com\/#organization\",\"name\":\"H\u00f4tel Monts Charvin Courchevel\",\"url\":\"https:\/\/www.montscharvin-courchevel.com\/\",\"logo\":{\"@type\":\"ImageObject\",\"inLanguage\":\"en-GB\",\"@id\":\"https:\/\/www.montscharvin-courchevel.com\/#\/schema\/logo\/image\/\",\"url\":\"https:\/\/www.montscharvin-courchevel.com\/wp-content\/uploads\/2025\/09\/logo-les-monts-charvins-boutique-hotel-courchevel.png\",\"contentUrl\":\"https:\/\/www.montscharvin-courchevel.com\/wp-content\/uploads\/2025\/09\/logo-les-monts-charvins-boutique-hotel-courchevel.png\",\"width\":167,\"height\":80,\"caption\":\"H\u00f4tel Monts Charvin Courchevel\"},\"image\":{\"@id\":\"https:\/\/www.montscharvin-courchevel.com\/#\/schema\/logo\/image\/\"}},{\"@type\":\"Person\",\"@id\":\"https:\/\/www.montscharvin-courchevel.com\/#\/schema\/person\/a3fdc496dfc98156f5aed3cedf715cb5\",\"name\":\"Johanne Bastien\",\"url\":\"https:\/\/www.montscharvin-courchevel.com\/en\/author\/johanne-bstgmail-com\/\"}]}<\/script>\n<!-- \/ Yoast SEO plugin. -->","yoast_head_json":{"title":"Notre restaurant \"Chez Maurice\" est ouvert - H\u00f4tel Monts Charvin Courchevel","robots":{"index":"index","follow":"follow","max-snippet":"max-snippet:-1","max-image-preview":"max-image-preview:large","max-video-preview":"max-video-preview:-1"},"canonical":"https:\/\/www.montscharvin-courchevel.com\/en\/2025\/12\/01\/notre-restaurant-chez-maurice-est-ouvert\/","og_locale":"en_GB","og_type":"article","og_title":"Notre restaurant \"Chez Maurice\" est ouvert - H\u00f4tel Monts Charvin Courchevel","og_description":"R\u00e9serv\u00e9 aux clients de l&rsquo;h\u00f4tel, notre nouveau restaurant \u00ab\u00a0Chez Maurice\u00a0\u00bb, au 1er \u00e9tage de l&rsquo;h\u00f4tel, ouvre ses portes le mardi 2 d\u00e9cembre. Au menu, des produits simples cuisin\u00e9s maison, pour un moment cozy apr\u00e8s une belle journ\u00e9e de ski. R\u00e9servation aupr\u00e8s de la r\u00e9ception ou directement ici","og_url":"https:\/\/www.montscharvin-courchevel.com\/en\/2025\/12\/01\/notre-restaurant-chez-maurice-est-ouvert\/","og_site_name":"H\u00f4tel Monts Charvin Courchevel","article_published_time":"2025-12-01T19:05:12+00:00","article_modified_time":"2025-12-10T04:54:59+00:00","og_image":[{"width":2560,"height":1707,"url":"https:\/\/www.montscharvin-courchevel.com\/wp-content\/uploads\/2025\/12\/Hotel_Geraldine_PhotoShoot_133-scaled.jpg","type":"image\/jpeg"}],"author":"Johanne Bastien","twitter_card":"summary_large_image","twitter_misc":{"Written by":"Johanne Bastien","Estimated reading time":"1 minute"},"schema":{"@context":"https:\/\/schema.org","@graph":[{"@type":"Article","@id":"https:\/\/www.montscharvin-courchevel.com\/2025\/12\/01\/notre-restaurant-chez-maurice-est-ouvert\/#article","isPartOf":{"@id":"https:\/\/www.montscharvin-courchevel.com\/2025\/12\/01\/notre-restaurant-chez-maurice-est-ouvert\/"},"author":{"name":"Johanne Bastien","@id":"https:\/\/www.montscharvin-courchevel.com\/#\/schema\/person\/a3fdc496dfc98156f5aed3cedf715cb5"},"headline":"Notre restaurant \u00ab\u00a0Chez Maurice\u00a0\u00bb est ouvert","datePublished":"2025-12-01T19:05:12+00:00","dateModified":"2025-12-10T04:54:59+00:00","mainEntityOfPage":{"@id":"https:\/\/www.montscharvin-courchevel.com\/2025\/12\/01\/notre-restaurant-chez-maurice-est-ouvert\/"},"wordCount":66,"publisher":{"@id":"https:\/\/www.montscharvin-courchevel.com\/#organization"},"image":{"@id":"https:\/\/www.montscharvin-courchevel.com\/2025\/12\/01\/notre-restaurant-chez-maurice-est-ouvert\/#primaryimage"},"thumbnailUrl":"https:\/\/www.montscharvin-courchevel.com\/wp-content\/uploads\/2025\/12\/Hotel_Geraldine_PhotoShoot_133-scaled.jpg","articleSection":["Uncategorized"],"inLanguage":"en-GB"},{"@type":"WebPage","@id":"https:\/\/www.montscharvin-courchevel.com\/2025\/12\/01\/notre-restaurant-chez-maurice-est-ouvert\/","url":"https:\/\/www.montscharvin-courchevel.com\/2025\/12\/01\/notre-restaurant-chez-maurice-est-ouvert\/","name":"Notre restaurant \"Chez Maurice\" est ouvert - H\u00f4tel Monts Charvin Courchevel","isPartOf":{"@id":"https:\/\/www.montscharvin-courchevel.com\/#website"},"primaryImageOfPage":{"@id":"https:\/\/www.montscharvin-courchevel.com\/2025\/12\/01\/notre-restaurant-chez-maurice-est-ouvert\/#primaryimage"},"image":{"@id":"https:\/\/www.montscharvin-courchevel.com\/2025\/12\/01\/notre-restaurant-chez-maurice-est-ouvert\/#primaryimage"},"thumbnailUrl":"https:\/\/www.montscharvin-courchevel.com\/wp-content\/uploads\/2025\/12\/Hotel_Geraldine_PhotoShoot_133-scaled.jpg","datePublished":"2025-12-01T19:05:12+00:00","dateModified":"2025-12-10T04:54:59+00:00","breadcrumb":{"@id":"https:\/\/www.montscharvin-courchevel.com\/2025\/12\/01\/notre-restaurant-chez-maurice-est-ouvert\/#breadcrumb"},"inLanguage":"en-GB","potentialAction":[{"@type":"ReadAction","target":["https:\/\/www.montscharvin-courchevel.com\/2025\/12\/01\/notre-restaurant-chez-maurice-est-ouvert\/"]}]},{"@type":"ImageObject","inLanguage":"en-GB","@id":"https:\/\/www.montscharvin-courchevel.com\/2025\/12\/01\/notre-restaurant-chez-maurice-est-ouvert\/#primaryimage","url":"https:\/\/www.montscharvin-courchevel.com\/wp-content\/uploads\/2025\/12\/Hotel_Geraldine_PhotoShoot_133-scaled.jpg","contentUrl":"https:\/\/www.montscharvin-courchevel.com\/wp-content\/uploads\/2025\/12\/Hotel_Geraldine_PhotoShoot_133-scaled.jpg","width":2560,"height":1707},{"@type":"BreadcrumbList","@id":"https:\/\/www.montscharvin-courchevel.com\/2025\/12\/01\/notre-restaurant-chez-maurice-est-ouvert\/#breadcrumb","itemListElement":[{"@type":"ListItem","position":1,"name":"Accueil","item":"https:\/\/www.montscharvin-courchevel.com\/"},{"@type":"ListItem","position":2,"name":"Notre restaurant \u00ab\u00a0Chez Maurice\u00a0\u00bb est ouvert"}]},{"@type":"WebSite","@id":"https:\/\/www.montscharvin-courchevel.com\/#website","url":"https:\/\/www.montscharvin-courchevel.com\/","name":"H\u00f4tel Monts Charvin Courchevel","description":"H\u00f4tel Monts Charvin Courchevel","publisher":{"@id":"https:\/\/www.montscharvin-courchevel.com\/#organization"},"potentialAction":[{"@type":"SearchAction","target":{"@type":"EntryPoint","urlTemplate":"https:\/\/www.montscharvin-courchevel.com\/?s={search_term_string}"},"query-input":{"@type":"PropertyValueSpecification","valueRequired":true,"valueName":"search_term_string"}}],"inLanguage":"en-GB"},{"@type":"Organization","@id":"https:\/\/www.montscharvin-courchevel.com\/#organization","name":"H\u00f4tel Monts Charvin Courchevel","url":"https:\/\/www.montscharvin-courchevel.com\/","logo":{"@type":"ImageObject","inLanguage":"en-GB","@id":"https:\/\/www.montscharvin-courchevel.com\/#\/schema\/logo\/image\/","url":"https:\/\/www.montscharvin-courchevel.com\/wp-content\/uploads\/2025\/09\/logo-les-monts-charvins-boutique-hotel-courchevel.png","contentUrl":"https:\/\/www.montscharvin-courchevel.com\/wp-content\/uploads\/2025\/09\/logo-les-monts-charvins-boutique-hotel-courchevel.png","width":167,"height":80,"caption":"H\u00f4tel Monts Charvin Courchevel"},"image":{"@id":"https:\/\/www.montscharvin-courchevel.com\/#\/schema\/logo\/image\/"}},{"@type":"Person","@id":"https:\/\/www.montscharvin-courchevel.com\/#\/schema\/person\/a3fdc496dfc98156f5aed3cedf715cb5","name":"Johanne Bastien","url":"https:\/\/www.montscharvin-courchevel.com\/en\/author\/johanne-bstgmail-com\/"}]}},"_links":{"self":[{"href":"https:\/\/www.montscharvin-courchevel.com\/en\/wp-json\/wp\/v2\/posts\/1237","targetHints":{"allow":["GET"]}}],"collection":[{"href":"https:\/\/www.montscharvin-courchevel.com\/en\/wp-json\/wp\/v2\/posts"}],"about":[{"href":"https:\/\/www.montscharvin-courchevel.com\/en\/wp-json\/wp\/v2\/types\/post"}],"author":[{"embeddable":true,"href":"https:\/\/www.montscharvin-courchevel.com\/en\/wp-json\/wp\/v2\/users\/2"}],"replies":[{"embeddable":true,"href":"https:\/\/www.montscharvin-courchevel.com\/en\/wp-json\/wp\/v2\/comments?post=1237"}],"version-history":[{"count":5,"href":"https:\/\/www.montscharvin-courchevel.com\/en\/wp-json\/wp\/v2\/posts\/1237\/revisions"}],"predecessor-version":[{"id":1279,"href":"https:\/\/www.montscharvin-courchevel.com\/en\/wp-json\/wp\/v2\/posts\/1237\/revisions\/1279"}],"wp:featuredmedia":[{"embeddable":true,"href":"https:\/\/www.montscharvin-courchevel.com\/en\/wp-json\/wp\/v2\/media\/1238"}],"wp:attachment":[{"href":"https:\/\/www.montscharvin-courchevel.com\/en\/wp-json\/wp\/v2\/media?parent=1237"}],"wp:term":[{"taxonomy":"category","embeddable":true,"href":"https:\/\/www.montscharvin-courchevel.com\/en\/wp-json\/wp\/v2\/categories?post=1237"},{"taxonomy":"post_tag","embeddable":true,"href":"https:\/\/www.montscharvin-courchevel.com\/en\/wp-json\/wp\/v2\/tags?post=1237"}],"curies":[{"name":"wp","href":"https:\/\/api.w.org\/{rel}","templated":true}]}}